{"id":1312,"date":"2012-01-08T01:18:09","date_gmt":"2012-01-08T00:18:09","guid":{"rendered":"http:\/\/nueckel.at\/blog\/?p=1312"},"modified":"2012-04-17T02:07:59","modified_gmt":"2012-04-17T00:07:59","slug":"zum-grus-den-hut-abnehmen","status":"publish","type":"post","link":"https:\/\/nueckel.at\/blog\/zum-grus-den-hut-abnehmen\/","title":{"rendered":"Zum Gru\u00df den Hut abnehmen"},"content":{"rendered":"<p>Fr\u00fcher eine allt\u00e4gliche Geste. Heute liefert sogar Google nur wenige Bild-Treffer zum Suchbegriff &#8222;hut ziehen&#8220;.\u00a0<!--more--><\/p>\n<figure id=\"attachment_1313\" aria-describedby=\"caption-attachment-1313\" style=\"width: 500px\" class=\"wp-caption aligncenter\"><img decoding=\"async\" loading=\"lazy\" class=\"size-full wp-image-1313 \" title=\"hutziehen\" src=\"http:\/\/www.nueckel.at\/blog\/wp-content\/uploads\/hutziehen.jpg\" alt=\"\" width=\"500\" height=\"375\" srcset=\"https:\/\/nueckel.at\/blog\/wp-content\/uploads\/hutziehen.jpg 500w, https:\/\/nueckel.at\/blog\/wp-content\/uploads\/hutziehen-100x75.jpg 100w, https:\/\/nueckel.at\/blog\/wp-content\/uploads\/hutziehen-400x300.jpg 400w\" sizes=\"(max-width: 500px) 100vw, 500px\" \/><figcaption id=\"caption-attachment-1313\" class=\"wp-caption-text\">Copyright: Gertrud Gerardi<\/figcaption><\/figure>\n<p>Obwohl heute H\u00fcte wieder beliebter sind (Johnny Depp!), ist die Geste verloren gegangen. Sie hatte eine soziale Funktion: &#8222;Habe die Ehre!&#8220;. Womit ist ihre Funktion ersetzt worden? Oder fehlt uns jetzt eigentlich was?<\/p>\n<p>Bildquelle: <a href=\"http:\/\/www.nordbayern.de\/nuernberger-nachrichten\/nuernberg\/25-februar-1961-hinunter-in-den-tunnel-wer-kann-1.1013882\">www.nordbayern.de\/&#8230;25-februar-1961&#8230;<\/a><\/p>\n","protected":false},"excerpt":{"rendered":"<p>Fr\u00fcher eine allt\u00e4gliche Geste. Heute liefert sogar Google nur wenige Bild-Treffer zum Suchbegriff &#8222;hut ziehen&#8220;.\u00a0<\/p>\n","protected":false},"author":1,"featured_media":0,"comment_status":"open","ping_status":"open","sticky":false,"template":"","format":"standard","meta":{"footnotes":""},"categories":[29],"tags":[76],"_links":{"self":[{"href":"https:\/\/nueckel.at\/blog\/wp-json\/wp\/v2\/posts\/1312"}],"collection":[{"href":"https:\/\/nueckel.at\/blog\/wp-json\/wp\/v2\/posts"}],"about":[{"href":"https:\/\/nueckel.at\/blog\/wp-json\/wp\/v2\/types\/post"}],"author":[{"embeddable":true,"href":"https:\/\/nueckel.at\/blog\/wp-json\/wp\/v2\/users\/1"}],"replies":[{"embeddable":true,"href":"https:\/\/nueckel.at\/blog\/wp-json\/wp\/v2\/comments?post=1312"}],"version-history":[{"count":0,"href":"https:\/\/nueckel.at\/blog\/wp-json\/wp\/v2\/posts\/1312\/revisions"}],"wp:attachment":[{"href":"https:\/\/nueckel.at\/blog\/wp-json\/wp\/v2\/media?parent=1312"}],"wp:term":[{"taxonomy":"category","embeddable":true,"href":"https:\/\/nueckel.at\/blog\/wp-json\/wp\/v2\/categories?post=1312"},{"taxonomy":"post_tag","embeddable":true,"href":"https:\/\/nueckel.at\/blog\/wp-json\/wp\/v2\/tags?post=1312"}],"curies":[{"name":"wp","href":"https:\/\/api.w.org\/{rel}","templated":true}]}}