{"id":1849,"date":"2012-09-23T22:04:23","date_gmt":"2012-09-23T20:04:23","guid":{"rendered":"http:\/\/nueckel.at\/blog\/?p=1849"},"modified":"2012-09-23T22:16:17","modified_gmt":"2012-09-23T20:16:17","slug":"the-new-think-global-act-local-think-holistic-act-personal","status":"publish","type":"post","link":"https:\/\/nueckel.at\/blog\/the-new-think-global-act-local-think-holistic-act-personal\/","title":{"rendered":"The New &#8222;Think-global,-act-local&#8220;: Think holistic, act personal!"},"content":{"rendered":"<p>Ein 2011 von Deloitte ver\u00f6ffentlicher Artikel von Luis Gallardo ist ein Schwenk von den Natur- zu den Sozialwissenschaften \u00a0und kann auch politisch betrachtet werden. .<!--more--><\/p>\n<p>Der Autor schreibt (eigene \u00dcbersetzung aus dem Englischen):<\/p>\n<blockquote><p>&#8222;Global vs. Holistic<\/p>\n<p>[&#8230;] Global ist zu breit und undefiniert. Holistisch ber\u00fccksichtigt komplexe Verbindungen und Beziehungen, wenn wichtige Entscheidungen zu treffen sind. [&#8230;]<\/p>\n<p>Local vs. Personal<\/p>\n<p>[&#8230;] &#8218;Acting Personal&#8216; spiegelt menschliche Dynamiken und das vielf\u00e4ltige, multidimensionale Profil jedes Individuums. &#8218;Acting personal&#8216; erlaubt es, Gemeinschaften zu dirigieren, indem Messages und Aktionen eine relevante und zeitgem\u00e4sse Antwort auf das gro\u00dfe Ganze der menschlichen Bed\u00fcrfnisse werden. [&#8230;]&#8220;<\/p><\/blockquote>\n<p>So wie ich es verstehe, fordert er auf, das Wissen \u00fcber menschliches Verhalten bzw. der menschliche Faktor selbstverst\u00e4ndlich in unsere Sichtweise einflie\u00dfen zu lassen.<\/p>\n<p><strong>Holistisch<\/strong> geht \u00fcber das Geographische hinaus. Schauen wir genauer, welche weiteren Verbindungen es global oder in der virtuellen Welt gibt und \u00fcber welche Zwischenstationen sie laufen. Schauen wir uns die unsichtbaren Netzwerke an, wo Menschen verbunden sind \u00fcber Geldfl\u00fcsse, Vertr\u00e4ge, Verpflichtungen, Bewunderung, Neid und Hoffnung. Wer redet bei Entscheidungen tats\u00e4chlich mit? An welchen Punkten k\u00f6nnte man Ver\u00e4nderungen bewirken?<\/p>\n<p><strong>Pers\u00f6nlich<\/strong>\u00a0spricht nicht die Menschen einer Gegend an, sondern Gruppen. Wobei jeder Mensch sich verschiedenen Gruppen zugeh\u00f6rig f\u00fchlt und jede dieser Gruppen ihre eigenen Bed\u00fcrfnisse hat. Akzeptieren wir, dass Menschen widerspr\u00fcchlich handeln und Konflikte allgegenw\u00e4rtig sind.<\/p>\n<p>Politisch weitergedacht bringt das f\u00fcr mich die Forderung nach mehr Transparenz und eine Abkehr vom Modell der Harmonie.<\/p>\n<p>Der Original-Artikel:\u00a0<a title=\"globalblogs.deloitte.com\/deloitteperspectives\/2011\/03\/why-think-global-act-local-is-no-longer-enough.html\" href=\"http:\/\/globalblogs.deloitte.com\/deloitteperspectives\/2011\/03\/why-think-global-act-local-is-no-longer-enough.html\" target=\"_blank\">Why Think Global, Act Local is no longer enough<\/a><\/p>\n<p>&nbsp;<\/p>\n","protected":false},"excerpt":{"rendered":"<p>Ein 2011 von Deloitte ver\u00f6ffentlicher Artikel von Luis Gallardo ist ein Schwenk von den Natur- zu den Sozialwissenschaften \u00a0und kann auch politisch betrachtet werden. .<\/p>\n","protected":false},"author":1,"featured_media":0,"comment_status":"open","ping_status":"open","sticky":false,"template":"","format":"standard","meta":{"footnotes":""},"categories":[27],"tags":[26],"_links":{"self":[{"href":"https:\/\/nueckel.at\/blog\/wp-json\/wp\/v2\/posts\/1849"}],"collection":[{"href":"https:\/\/nueckel.at\/blog\/wp-json\/wp\/v2\/posts"}],"about":[{"href":"https:\/\/nueckel.at\/blog\/wp-json\/wp\/v2\/types\/post"}],"author":[{"embeddable":true,"href":"https:\/\/nueckel.at\/blog\/wp-json\/wp\/v2\/users\/1"}],"replies":[{"embeddable":true,"href":"https:\/\/nueckel.at\/blog\/wp-json\/wp\/v2\/comments?post=1849"}],"version-history":[{"count":0,"href":"https:\/\/nueckel.at\/blog\/wp-json\/wp\/v2\/posts\/1849\/revisions"}],"wp:attachment":[{"href":"https:\/\/nueckel.at\/blog\/wp-json\/wp\/v2\/media?parent=1849"}],"wp:term":[{"taxonomy":"category","embeddable":true,"href":"https:\/\/nueckel.at\/blog\/wp-json\/wp\/v2\/categories?post=1849"},{"taxonomy":"post_tag","embeddable":true,"href":"https:\/\/nueckel.at\/blog\/wp-json\/wp\/v2\/tags?post=1849"}],"curies":[{"name":"wp","href":"https:\/\/api.w.org\/{rel}","templated":true}]}}