{"id":4118,"date":"2014-05-10T10:09:51","date_gmt":"2014-05-10T08:09:51","guid":{"rendered":"http:\/\/nueckel.at\/blog\/?p=4118"},"modified":"2014-05-10T16:20:38","modified_gmt":"2014-05-10T14:20:38","slug":"nachtens-im-gratzel","status":"publish","type":"post","link":"https:\/\/nueckel.at\/blog\/nachtens-im-gratzel\/","title":{"rendered":"N\u00e4chtens im Gr\u00e4tzel"},"content":{"rendered":"<p>Sammlung von Fotos der Landstra\u00dfer Nacht.<\/p>\n<figure id=\"attachment_4122\" aria-describedby=\"caption-attachment-4122\" style=\"width: 500px\" class=\"wp-caption alignnone\"><img decoding=\"async\" loading=\"lazy\" class=\"size-full wp-image-4122\" alt=\"wien3_nachts_markt\" src=\"http:\/\/nueckel.at\/blog\/wp-content\/uploads\/wien3_nachts_markt.jpg\" width=\"500\" height=\"375\" srcset=\"https:\/\/nueckel.at\/blog\/wp-content\/uploads\/wien3_nachts_markt.jpg 500w, https:\/\/nueckel.at\/blog\/wp-content\/uploads\/wien3_nachts_markt-100x75.jpg 100w\" sizes=\"(max-width: 500px) 100vw, 500px\" \/><figcaption id=\"caption-attachment-4122\" class=\"wp-caption-text\">Am Markt, ruhig<\/figcaption><\/figure>\n<p><!--more--><\/p>\n<div id='gallery-1' class='gallery galleryid-4118 gallery-columns-3 gallery-size-thumbnail'><figure class='gallery-item'>\n\t\t\t<div class='gallery-icon landscape'>\n\t\t\t\t<a href='https:\/\/nueckel.at\/blog\/nachtens-im-gratzel\/wien3_nachts_graffiti\/'><img width=\"100\" height=\"75\" src=\"https:\/\/nueckel.at\/blog\/wp-content\/uploads\/wien3_nachts_graffiti-100x75.jpg\" class=\"attachment-thumbnail size-thumbnail\" alt=\"wien3_nachts_graffiti\" decoding=\"async\" aria-describedby=\"gallery-1-4119\" loading=\"lazy\" srcset=\"https:\/\/nueckel.at\/blog\/wp-content\/uploads\/wien3_nachts_graffiti-100x75.jpg 100w, https:\/\/nueckel.at\/blog\/wp-content\/uploads\/wien3_nachts_graffiti.jpg 500w\" sizes=\"(max-width: 100px) 100vw, 100px\" \/><\/a>\n\t\t\t<\/div>\n\t\t\t\t<figcaption class='wp-caption-text gallery-caption' id='gallery-1-4119'>\n\t\t\t\tGraffiti vorm Donaukanal\n\t\t\t\t<\/figcaption><\/figure><figure class='gallery-item'>\n\t\t\t<div class='gallery-icon landscape'>\n\t\t\t\t<a href='https:\/\/nueckel.at\/blog\/nachtens-im-gratzel\/wien3_nachts_bahnbogen\/'><img width=\"100\" height=\"75\" src=\"https:\/\/nueckel.at\/blog\/wp-content\/uploads\/wien3_nachts_bahnbogen-100x75.jpg\" class=\"attachment-thumbnail size-thumbnail\" alt=\"wien3_nachts_bahnbogen\" decoding=\"async\" aria-describedby=\"gallery-1-4120\" loading=\"lazy\" srcset=\"https:\/\/nueckel.at\/blog\/wp-content\/uploads\/wien3_nachts_bahnbogen-100x75.jpg 100w, https:\/\/nueckel.at\/blog\/wp-content\/uploads\/wien3_nachts_bahnbogen.jpg 500w\" sizes=\"(max-width: 100px) 100vw, 100px\" \/><\/a>\n\t\t\t<\/div>\n\t\t\t\t<figcaption class='wp-caption-text gallery-caption' id='gallery-1-4120'>\n\t\t\t\tMainacht im Schanigarten\n\t\t\t\t<\/figcaption><\/figure><figure class='gallery-item'>\n\t\t\t<div class='gallery-icon landscape'>\n\t\t\t\t<a href='https:\/\/nueckel.at\/blog\/nachtens-im-gratzel\/wien3_nachts_gastromarkt\/'><img width=\"100\" height=\"75\" src=\"https:\/\/nueckel.at\/blog\/wp-content\/uploads\/wien3_nachts_gastromarkt-100x75.jpg\" class=\"attachment-thumbnail size-thumbnail\" alt=\"wien3_nachts_gastromarkt\" decoding=\"async\" aria-describedby=\"gallery-1-4121\" loading=\"lazy\" srcset=\"https:\/\/nueckel.at\/blog\/wp-content\/uploads\/wien3_nachts_gastromarkt-100x75.jpg 100w, https:\/\/nueckel.at\/blog\/wp-content\/uploads\/wien3_nachts_gastromarkt.jpg 500w\" sizes=\"(max-width: 100px) 100vw, 100px\" \/><\/a>\n\t\t\t<\/div>\n\t\t\t\t<figcaption class='wp-caption-text gallery-caption' id='gallery-1-4121'>\n\t\t\t\tAm Markt, laut\n\t\t\t\t<\/figcaption><\/figure><figure class='gallery-item'>\n\t\t\t<div class='gallery-icon landscape'>\n\t\t\t\t<a href='https:\/\/nueckel.at\/blog\/nachtens-im-gratzel\/wien3_nachts_markt\/'><img width=\"100\" height=\"75\" src=\"https:\/\/nueckel.at\/blog\/wp-content\/uploads\/wien3_nachts_markt-100x75.jpg\" class=\"attachment-thumbnail size-thumbnail\" alt=\"wien3_nachts_markt\" decoding=\"async\" aria-describedby=\"gallery-1-4122\" loading=\"lazy\" srcset=\"https:\/\/nueckel.at\/blog\/wp-content\/uploads\/wien3_nachts_markt-100x75.jpg 100w, https:\/\/nueckel.at\/blog\/wp-content\/uploads\/wien3_nachts_markt.jpg 500w\" sizes=\"(max-width: 100px) 100vw, 100px\" \/><\/a>\n\t\t\t<\/div>\n\t\t\t\t<figcaption class='wp-caption-text gallery-caption' id='gallery-1-4122'>\n\t\t\t\tAm Markt, ruhig\n\t\t\t\t<\/figcaption><\/figure>\n\t\t<\/div>\n\n","protected":false},"excerpt":{"rendered":"<p>Sammlung von Fotos der Landstra\u00dfer Nacht.<\/p>\n","protected":false},"author":1,"featured_media":0,"comment_status":"open","ping_status":"open","sticky":false,"template":"","format":"standard","meta":{"footnotes":""},"categories":[60],"tags":[52,151],"_links":{"self":[{"href":"https:\/\/nueckel.at\/blog\/wp-json\/wp\/v2\/posts\/4118"}],"collection":[{"href":"https:\/\/nueckel.at\/blog\/wp-json\/wp\/v2\/posts"}],"about":[{"href":"https:\/\/nueckel.at\/blog\/wp-json\/wp\/v2\/types\/post"}],"author":[{"embeddable":true,"href":"https:\/\/nueckel.at\/blog\/wp-json\/wp\/v2\/users\/1"}],"replies":[{"embeddable":true,"href":"https:\/\/nueckel.at\/blog\/wp-json\/wp\/v2\/comments?post=4118"}],"version-history":[{"count":0,"href":"https:\/\/nueckel.at\/blog\/wp-json\/wp\/v2\/posts\/4118\/revisions"}],"wp:attachment":[{"href":"https:\/\/nueckel.at\/blog\/wp-json\/wp\/v2\/media?parent=4118"}],"wp:term":[{"taxonomy":"category","embeddable":true,"href":"https:\/\/nueckel.at\/blog\/wp-json\/wp\/v2\/categories?post=4118"},{"taxonomy":"post_tag","embeddable":true,"href":"https:\/\/nueckel.at\/blog\/wp-json\/wp\/v2\/tags?post=4118"}],"curies":[{"name":"wp","href":"https:\/\/api.w.org\/{rel}","templated":true}]}}