{"id":4125,"date":"2014-05-10T17:20:12","date_gmt":"2014-05-10T15:20:12","guid":{"rendered":"http:\/\/nueckel.at\/blog\/?p=4125"},"modified":"2014-05-10T17:32:27","modified_gmt":"2014-05-10T15:32:27","slug":"wahlkampf-ep-2014","status":"publish","type":"post","link":"https:\/\/nueckel.at\/blog\/wahlkampf-ep-2014\/","title":{"rendered":"EU-Wahl 2014"},"content":{"rendered":"<p>Die wichtigsten Aufgaben f\u00fcr das Europaparlament, Gr\u00fcn erkl\u00e4rt und grafisch gereiht.<\/p>\n<p><!--more--><\/p>\n<p><strong>Platz 3: Alternative \u00d6konomien<\/strong><br \/>\nLokale, kleinteilige, reale Wirtschaften, die der Allgemeinheit und der Natur gut tun.<\/p>\n<figure id=\"attachment_4127\" aria-describedby=\"caption-attachment-4127\" style=\"width: 500px\" class=\"wp-caption alignnone\"><img decoding=\"async\" loading=\"lazy\" class=\"size-full wp-image-4127\" alt=\"Monsanto, r\u00e4um das Feld\" src=\"http:\/\/nueckel.at\/blog\/wp-content\/uploads\/monsanto1.jpg\" width=\"500\" height=\"194\" srcset=\"https:\/\/nueckel.at\/blog\/wp-content\/uploads\/monsanto1.jpg 500w, https:\/\/nueckel.at\/blog\/wp-content\/uploads\/monsanto1-100x38.jpg 100w\" sizes=\"(max-width: 500px) 100vw, 500px\" \/><figcaption id=\"caption-attachment-4127\" class=\"wp-caption-text\">So s\u00fc\u00df!<\/figcaption><\/figure>\n<p><strong>Platz 2: Ern\u00e4hrungssouver\u00e4nit\u00e4t<\/strong><br \/>\nGesunde, leistbare Ern\u00e4hrung f\u00fcr alle langfristig gesichert.<\/p>\n<figure id=\"attachment_4126\" aria-describedby=\"caption-attachment-4126\" style=\"width: 500px\" class=\"wp-caption alignnone\"><img decoding=\"async\" loading=\"lazy\" class=\"size-full wp-image-4126 \" alt=\"Mein Paradeiser darf nicht illegal werden\" src=\"http:\/\/nueckel.at\/blog\/wp-content\/uploads\/meinparadeiserdarfnichtillegalwerden.jpg\" width=\"500\" height=\"181\" srcset=\"https:\/\/nueckel.at\/blog\/wp-content\/uploads\/meinparadeiserdarfnichtillegalwerden.jpg 500w, https:\/\/nueckel.at\/blog\/wp-content\/uploads\/meinparadeiserdarfnichtillegalwerden-100x36.jpg 100w\" sizes=\"(max-width: 500px) 100vw, 500px\" \/><figcaption id=\"caption-attachment-4126\" class=\"wp-caption-text\">Wir alle wollen weiterhin gut essen k\u00f6nnen. Man kann auch als Frau mit grauen Haaren, \u00f6sterreichischem Akzent und einem bunten Hauskleid f\u00fcr die Gr\u00fcnen w\u00e4hlen. Wann haben sie sich das letzte Mal \u00fcber Sauren Regen Sorgen gemacht? Eben. Gr\u00fcne Politik wirkt.<\/figcaption><\/figure>\n<p><strong>Platz 1: Grundrechte<\/strong><br \/>\nHumane, soziale, chancengerechte, partizipative Demokratie.<\/p>\n<figure id=\"attachment_4128\" aria-describedby=\"caption-attachment-4128\" style=\"width: 500px\" class=\"wp-caption alignnone\"><img decoding=\"async\" loading=\"lazy\" class=\"size-full wp-image-4128\" alt=\"Lieber Menschen retten als Banken\" src=\"http:\/\/nueckel.at\/blog\/wp-content\/uploads\/liebermenschenrettenalsbanken.jpg\" width=\"500\" height=\"181\" srcset=\"https:\/\/nueckel.at\/blog\/wp-content\/uploads\/liebermenschenrettenalsbanken.jpg 500w, https:\/\/nueckel.at\/blog\/wp-content\/uploads\/liebermenschenrettenalsbanken-100x36.jpg 100w\" sizes=\"(max-width: 500px) 100vw, 500px\" \/><figcaption id=\"caption-attachment-4128\" class=\"wp-caption-text\">Rettung, aber richtig!<\/figcaption><\/figure>\n<p style=\"text-align: center;\">~~~<\/p>\n<p><strong>There is no alternative<\/strong>:<br \/>\nDie regierenden sogenannten &#8222;Demokraten&#8220; (sozial und christlich) werden den Kurs nicht \u00e4ndern. Rechts ist untragbar und Wirtschaftsliberale wollen noch mehr von dem, was uns schadet. Die einzige Alternative, die bleibt, sind die Gr\u00fcnen. (Sorry, Linke &#8211; wir sind bunter &#8230;).<\/p>\n","protected":false},"excerpt":{"rendered":"<p>Die wichtigsten Aufgaben f\u00fcr das Europaparlament, Gr\u00fcn erkl\u00e4rt und grafisch gereiht.<\/p>\n","protected":false},"author":1,"featured_media":0,"comment_status":"open","ping_status":"open","sticky":false,"template":"","format":"standard","meta":{"footnotes":""},"categories":[27],"tags":[148,26],"_links":{"self":[{"href":"https:\/\/nueckel.at\/blog\/wp-json\/wp\/v2\/posts\/4125"}],"collection":[{"href":"https:\/\/nueckel.at\/blog\/wp-json\/wp\/v2\/posts"}],"about":[{"href":"https:\/\/nueckel.at\/blog\/wp-json\/wp\/v2\/types\/post"}],"author":[{"embeddable":true,"href":"https:\/\/nueckel.at\/blog\/wp-json\/wp\/v2\/users\/1"}],"replies":[{"embeddable":true,"href":"https:\/\/nueckel.at\/blog\/wp-json\/wp\/v2\/comments?post=4125"}],"version-history":[{"count":0,"href":"https:\/\/nueckel.at\/blog\/wp-json\/wp\/v2\/posts\/4125\/revisions"}],"wp:attachment":[{"href":"https:\/\/nueckel.at\/blog\/wp-json\/wp\/v2\/media?parent=4125"}],"wp:term":[{"taxonomy":"category","embeddable":true,"href":"https:\/\/nueckel.at\/blog\/wp-json\/wp\/v2\/categories?post=4125"},{"taxonomy":"post_tag","embeddable":true,"href":"https:\/\/nueckel.at\/blog\/wp-json\/wp\/v2\/tags?post=4125"}],"curies":[{"name":"wp","href":"https:\/\/api.w.org\/{rel}","templated":true}]}}