{"id":4741,"date":"2014-11-07T12:40:34","date_gmt":"2014-11-07T11:40:34","guid":{"rendered":"http:\/\/nueckel.at\/blog\/?p=4741"},"modified":"2014-11-09T12:45:44","modified_gmt":"2014-11-09T11:45:44","slug":"wiener-grune-ubernehmen-anonymisierte-bewerbungsverfahren","status":"publish","type":"post","link":"https:\/\/nueckel.at\/blog\/wiener-grune-ubernehmen-anonymisierte-bewerbungsverfahren\/","title":{"rendered":"Wiener Gr\u00fcne \u00fcbernehmen Anonymisierte Bewerbungsverfahren"},"content":{"rendered":"<p>Der von mir initiierte Antrag wurde heute bei der Landesversammlung einstimming angenommen! Hier der Antragstext:\u00a0<!--more--><\/p>\n<p style=\"text-align: center;\">~~~<\/p>\n<p>Antrag an die 72. Landesversammlung der Gr\u00fcnen \u2013 Gr\u00fcne Alternative Wien<\/p>\n<h3>\u201eAnonymisierte Bewerbungsverfahren\u201c<\/h3>\n<p>Anonymisierte Bewerbungsverfahren verzichten auf die pers\u00f6nlichen Angaben von Name, Alter, Geschlecht, Geburtsort, Familienstand, Nationalit\u00e4t und auf Fotos und bringen Chancengleichheit f\u00fcr Frauen, \u00c4ltere und Menschen mit \u201eMigrationsgeschichte\u201c. Sie sind in Nordamerika und einigen europ\u00e4ischen L\u00e4ndern \u00fcblich und wurden in Deutschland positiv getestet.<\/p>\n<p>Diesen M\u00e4rz stellte Alev Korun im Nationalrat einen Antrag auf Einf\u00fchrung anonymisierter Bewerbungsverfahren f\u00fcr Bewerbungen im \u00f6ffentlichen Dienst: <a title=\"http:\/\/www.parlament.gv.at\/PAKT\/VHG\/XXV\/A\/A_00319\/fname_344146.pdf\" href=\"http:\/\/www.parlament.gv.at\/PAKT\/VHG\/XXV\/A\/A_00319\/fname_344146.pdf\" target=\"_blank\">http:\/\/www.parlament.gv.at\/(&#8230;).pdf<\/a><br \/>\nIn der Begr\u00fcndung wurde die Vorbildwirkung des \u00f6ffentlichen Dienstes genannt.<\/p>\n<p>Die Gr\u00fcnen \u2013 Gr\u00fcne Alternative Wien ist auch Arbeitgeberin. Die Einf\u00fchrung des anonymisierten Bewerbungsverfahren im eigenen Umfeld erscheint als logische Konsequenz und macht die Gr\u00fcnen noch glaubw\u00fcrdiger im Kampf gegen Diskriminierungen von Arbeitsuchenden.<\/p>\n<p>Die UnterzeichnerInnen beantragen, dass die Gr\u00fcnen \u2013 Gr\u00fcne Alternative Wien mit gutem Beispiel vorangehen und ein ad\u00e4quates anonymisiertes Bewerbungsverfahren ausarbeiten und anwenden.<\/p>\n<p><strong>AntragstellerInnen<\/strong> (in alphabetischer Reihenfolge):<\/p>\n<p>Senol Akkilic<br \/>\nEwa Dziedzic<br \/>\nAlev Korun<br \/>\nEva Lachkovics<br \/>\nBirgit Meinhard-Schiebel<br \/>\nSusanne N\u00fcckel (Initiatiorin)<br \/>\nNegar L. Roubani<br \/>\nG\u00fcnter Theml<br \/>\nMichael Schmid<br \/>\nElfriede Schuh<br \/>\nZerife Yatkin<\/p>\n","protected":false},"excerpt":{"rendered":"<p>Der von mir initiierte Antrag wurde heute bei der Landesversammlung einstimming angenommen! Hier der Antragstext:\u00a0<\/p>\n","protected":false},"author":1,"featured_media":0,"comment_status":"open","ping_status":"open","sticky":false,"template":"","format":"standard","meta":{"footnotes":""},"categories":[27],"tags":[],"_links":{"self":[{"href":"https:\/\/nueckel.at\/blog\/wp-json\/wp\/v2\/posts\/4741"}],"collection":[{"href":"https:\/\/nueckel.at\/blog\/wp-json\/wp\/v2\/posts"}],"about":[{"href":"https:\/\/nueckel.at\/blog\/wp-json\/wp\/v2\/types\/post"}],"author":[{"embeddable":true,"href":"https:\/\/nueckel.at\/blog\/wp-json\/wp\/v2\/users\/1"}],"replies":[{"embeddable":true,"href":"https:\/\/nueckel.at\/blog\/wp-json\/wp\/v2\/comments?post=4741"}],"version-history":[{"count":0,"href":"https:\/\/nueckel.at\/blog\/wp-json\/wp\/v2\/posts\/4741\/revisions"}],"wp:attachment":[{"href":"https:\/\/nueckel.at\/blog\/wp-json\/wp\/v2\/media?parent=4741"}],"wp:term":[{"taxonomy":"category","embeddable":true,"href":"https:\/\/nueckel.at\/blog\/wp-json\/wp\/v2\/categories?post=4741"},{"taxonomy":"post_tag","embeddable":true,"href":"https:\/\/nueckel.at\/blog\/wp-json\/wp\/v2\/tags?post=4741"}],"curies":[{"name":"wp","href":"https:\/\/api.w.org\/{rel}","templated":true}]}}