{"id":4780,"date":"2014-11-18T11:43:29","date_gmt":"2014-11-18T10:43:29","guid":{"rendered":"http:\/\/nueckel.at\/blog\/?p=4780"},"modified":"2014-11-18T11:43:29","modified_gmt":"2014-11-18T10:43:29","slug":"islaschismus","status":"publish","type":"post","link":"https:\/\/nueckel.at\/blog\/islaschismus\/","title":{"rendered":"Islaschismus"},"content":{"rendered":"<p>Wie w\u00e4re es, wenn wir die N\u00e4he der islamistischen Organisation ISIS zum Faschismus sprachlich artikulieren? Es w\u00fcrde auch die wichtige deutlichere Unterscheidung zwischen gl\u00e4ubigen Muslim*innen und Terrorist*innen, die eine Religion f\u00fcr ihre Interessen missbrauchen, f\u00f6rdern.<\/p>\n","protected":false},"excerpt":{"rendered":"<p>Wie w\u00e4re es, wenn wir die N\u00e4he der islamistischen Organisation ISIS zum Faschismus sprachlich artikulieren? Es w\u00fcrde auch die wichtige deutlichere Unterscheidung zwischen gl\u00e4ubigen Muslim*innen und Terrorist*innen, die eine Religion f\u00fcr ihre Interessen missbrauchen, f\u00f6rdern.<\/p>\n","protected":false},"author":1,"featured_media":0,"comment_status":"open","ping_status":"open","sticky":false,"template":"","format":"standard","meta":{"footnotes":""},"categories":[27],"tags":[],"_links":{"self":[{"href":"https:\/\/nueckel.at\/blog\/wp-json\/wp\/v2\/posts\/4780"}],"collection":[{"href":"https:\/\/nueckel.at\/blog\/wp-json\/wp\/v2\/posts"}],"about":[{"href":"https:\/\/nueckel.at\/blog\/wp-json\/wp\/v2\/types\/post"}],"author":[{"embeddable":true,"href":"https:\/\/nueckel.at\/blog\/wp-json\/wp\/v2\/users\/1"}],"replies":[{"embeddable":true,"href":"https:\/\/nueckel.at\/blog\/wp-json\/wp\/v2\/comments?post=4780"}],"version-history":[{"count":0,"href":"https:\/\/nueckel.at\/blog\/wp-json\/wp\/v2\/posts\/4780\/revisions"}],"wp:attachment":[{"href":"https:\/\/nueckel.at\/blog\/wp-json\/wp\/v2\/media?parent=4780"}],"wp:term":[{"taxonomy":"category","embeddable":true,"href":"https:\/\/nueckel.at\/blog\/wp-json\/wp\/v2\/categories?post=4780"},{"taxonomy":"post_tag","embeddable":true,"href":"https:\/\/nueckel.at\/blog\/wp-json\/wp\/v2\/tags?post=4780"}],"curies":[{"name":"wp","href":"https:\/\/api.w.org\/{rel}","templated":true}]}}