{"id":4782,"date":"2014-11-18T15:27:19","date_gmt":"2014-11-18T14:27:19","guid":{"rendered":"http:\/\/nueckel.at\/blog\/?p=4782"},"modified":"2014-11-18T15:42:03","modified_gmt":"2014-11-18T14:42:03","slug":"der-grune-see","status":"publish","type":"post","link":"https:\/\/nueckel.at\/blog\/der-grune-see\/","title":{"rendered":"Der Gr\u00fcne See"},"content":{"rendered":"<p>Ashton Kutcher h\u00e4lt ihn f\u00fcr magisch, \u00d6sterreich f\u00fcr den sch\u00f6nsten Ort des Landes: der Gr\u00fcne See in der Steiermark. F\u00fcr mich als geborene Steirerin ist er seit meiner Kindheit ein Sonntagsausflugsziel.<\/p>\n<figure id=\"attachment_4792\" aria-describedby=\"caption-attachment-4792\" style=\"width: 375px\" class=\"wp-caption alignnone\"><a href=\"http:\/\/nueckel.at\/blog\/wp-content\/uploads\/gruenesee_gruen.jpg\"><img decoding=\"async\" loading=\"lazy\" class=\"size-full wp-image-4792\" alt=\"gruenesee_gruen\" src=\"http:\/\/nueckel.at\/blog\/wp-content\/uploads\/gruenesee_gruen.jpg\" width=\"375\" height=\"500\" srcset=\"https:\/\/nueckel.at\/blog\/wp-content\/uploads\/gruenesee_gruen.jpg 375w, https:\/\/nueckel.at\/blog\/wp-content\/uploads\/gruenesee_gruen-75x100.jpg 75w\" sizes=\"(max-width: 375px) 100vw, 375px\" \/><\/a><figcaption id=\"caption-attachment-4792\" class=\"wp-caption-text\">Eiskalt und farbenpr\u00e4chtig.<\/figcaption><\/figure>\n<p><!--more--><br \/>\nHier ein Foto aus von fr\u00fcher &#8211; der See ist hinter den Fichten, leider nicht zu sichten:<\/p>\n<figure id=\"attachment_4783\" aria-describedby=\"caption-attachment-4783\" style=\"width: 500px\" class=\"wp-caption alignnone\"><a href=\"http:\/\/nueckel.at\/blog\/wp-content\/uploads\/gruenesee_familie1.jpg\"><img decoding=\"async\" loading=\"lazy\" class=\"size-full wp-image-4783\" alt=\"gruenesee_familie1\" src=\"http:\/\/nueckel.at\/blog\/wp-content\/uploads\/gruenesee_familie1.jpg\" width=\"500\" height=\"420\" srcset=\"https:\/\/nueckel.at\/blog\/wp-content\/uploads\/gruenesee_familie1.jpg 500w, https:\/\/nueckel.at\/blog\/wp-content\/uploads\/gruenesee_familie1-100x84.jpg 100w\" sizes=\"(max-width: 500px) 100vw, 500px\" \/><\/a><figcaption id=\"caption-attachment-4783\" class=\"wp-caption-text\">Mit Eltern und Frucade, 1970<\/figcaption><\/figure>\n<p>Wenn man in der Gegend aufw\u00e4chst, besucht man den See immer wieder &#8230;<\/p>\n<figure id=\"attachment_4784\" aria-describedby=\"caption-attachment-4784\" style=\"width: 500px\" class=\"wp-caption alignnone\"><a href=\"http:\/\/nueckel.at\/blog\/wp-content\/uploads\/gruenesee_familie.jpg\"><img decoding=\"async\" loading=\"lazy\" class=\"size-full wp-image-4784\" alt=\"gruenesee_familie2\" src=\"http:\/\/nueckel.at\/blog\/wp-content\/uploads\/gruenesee_familie.jpg\" width=\"500\" height=\"333\" srcset=\"https:\/\/nueckel.at\/blog\/wp-content\/uploads\/gruenesee_familie.jpg 500w, https:\/\/nueckel.at\/blog\/wp-content\/uploads\/gruenesee_familie-100x66.jpg 100w\" sizes=\"(max-width: 500px) 100vw, 500px\" \/><\/a><figcaption id=\"caption-attachment-4784\" class=\"wp-caption-text\">Mit S\u00f6hnen, 1993<\/figcaption><\/figure>\n<p>Im Fr\u00fchjahr hat er kaum Wasser, so sah er zum Beispiel 1998 aus:<\/p>\n<figure id=\"attachment_4785\" aria-describedby=\"caption-attachment-4785\" style=\"width: 500px\" class=\"wp-caption alignnone\"><a href=\"http:\/\/nueckel.at\/blog\/wp-content\/uploads\/gruenesee.jpg\"><img decoding=\"async\" loading=\"lazy\" class=\"size-full wp-image-4785\" alt=\"gruenesee\" src=\"http:\/\/nueckel.at\/blog\/wp-content\/uploads\/gruenesee.jpg\" width=\"500\" height=\"362\" srcset=\"https:\/\/nueckel.at\/blog\/wp-content\/uploads\/gruenesee.jpg 500w, https:\/\/nueckel.at\/blog\/wp-content\/uploads\/gruenesee-100x72.jpg 100w\" sizes=\"(max-width: 500px) 100vw, 500px\" \/><\/a><figcaption id=\"caption-attachment-4785\" class=\"wp-caption-text\">Wenig gr\u00fcn, wenig See<\/figcaption><\/figure>\n<p style=\"text-align: center;\">~~~<\/p>\n<p>Hier das Facebook-Posting von Ashton Kutcher:<\/p>\n<figure id=\"attachment_4786\" aria-describedby=\"caption-attachment-4786\" style=\"width: 500px\" class=\"wp-caption alignnone\"><a href=\"http:\/\/nueckel.at\/blog\/wp-content\/uploads\/gruenesee_ashton.jpg\"><img decoding=\"async\" loading=\"lazy\" class=\"size-full wp-image-4786\" alt=\"gruenesee_ashton\" src=\"http:\/\/nueckel.at\/blog\/wp-content\/uploads\/gruenesee_ashton.jpg\" width=\"500\" height=\"444\" srcset=\"https:\/\/nueckel.at\/blog\/wp-content\/uploads\/gruenesee_ashton.jpg 500w, https:\/\/nueckel.at\/blog\/wp-content\/uploads\/gruenesee_ashton-100x88.jpg 100w\" sizes=\"(max-width: 500px) 100vw, 500px\" \/><\/a><figcaption id=\"caption-attachment-4786\" class=\"wp-caption-text\">Sieht ja auch super aus!<\/figcaption><\/figure>\n<p>Mein Tweet zum Bericht auf Standard.at:<\/p>\n<figure id=\"attachment_4788\" aria-describedby=\"caption-attachment-4788\" style=\"width: 500px\" class=\"wp-caption alignnone\"><a href=\"http:\/\/nueckel.at\/blog\/wp-content\/uploads\/gruenesee_tweet.jpg\"><img decoding=\"async\" loading=\"lazy\" class=\"size-full wp-image-4788\" alt=\"gruenesee_tweet\" src=\"http:\/\/nueckel.at\/blog\/wp-content\/uploads\/gruenesee_tweet.jpg\" width=\"500\" height=\"226\" srcset=\"https:\/\/nueckel.at\/blog\/wp-content\/uploads\/gruenesee_tweet.jpg 500w, https:\/\/nueckel.at\/blog\/wp-content\/uploads\/gruenesee_tweet-100x45.jpg 100w\" sizes=\"(max-width: 500px) 100vw, 500px\" \/><\/a><figcaption id=\"caption-attachment-4788\" class=\"wp-caption-text\">&#8230;<\/figcaption><\/figure>\n<p>Die Kommentare auf Facebook zeigen die Vielfalt \u00f6sterreichischer Gem\u00fcter:<\/p>\n<figure id=\"attachment_4787\" aria-describedby=\"caption-attachment-4787\" style=\"width: 500px\" class=\"wp-caption alignnone\"><a href=\"http:\/\/nueckel.at\/blog\/wp-content\/uploads\/gruenesee_fbcomments.jpg\"><img decoding=\"async\" loading=\"lazy\" class=\"size-full wp-image-4787\" alt=\"gruenesee_fbcomments\" src=\"http:\/\/nueckel.at\/blog\/wp-content\/uploads\/gruenesee_fbcomments.jpg\" width=\"500\" height=\"119\" srcset=\"https:\/\/nueckel.at\/blog\/wp-content\/uploads\/gruenesee_fbcomments.jpg 500w, https:\/\/nueckel.at\/blog\/wp-content\/uploads\/gruenesee_fbcomments-100x23.jpg 100w\" sizes=\"(max-width: 500px) 100vw, 500px\" \/><\/a><figcaption id=\"caption-attachment-4787\" class=\"wp-caption-text\">Zwei von ca. 1.500 Kommentaren<\/figcaption><\/figure>\n<p><strong>Links:<\/strong><br \/>\n<a title=\"https:\/\/www.youtube.com\/watch?v=LeQPcZM4XS0\" href=\"https:\/\/www.youtube.com\/watch?v=LeQPcZM4XS0\" target=\"_blank\">Panorama-Video vom See auf youtube<\/a><\/p>\n","protected":false},"excerpt":{"rendered":"<p>Ashton Kutcher h\u00e4lt ihn f\u00fcr magisch, \u00d6sterreich f\u00fcr den sch\u00f6nsten Ort des Landes: der Gr\u00fcne See in der Steiermark. F\u00fcr mich als geborene Steirerin ist er seit meiner Kindheit ein Sonntagsausflugsziel.<\/p>\n","protected":false},"author":1,"featured_media":0,"comment_status":"open","ping_status":"open","sticky":false,"template":"","format":"standard","meta":{"footnotes":""},"categories":[60],"tags":[52],"_links":{"self":[{"href":"https:\/\/nueckel.at\/blog\/wp-json\/wp\/v2\/posts\/4782"}],"collection":[{"href":"https:\/\/nueckel.at\/blog\/wp-json\/wp\/v2\/posts"}],"about":[{"href":"https:\/\/nueckel.at\/blog\/wp-json\/wp\/v2\/types\/post"}],"author":[{"embeddable":true,"href":"https:\/\/nueckel.at\/blog\/wp-json\/wp\/v2\/users\/1"}],"replies":[{"embeddable":true,"href":"https:\/\/nueckel.at\/blog\/wp-json\/wp\/v2\/comments?post=4782"}],"version-history":[{"count":0,"href":"https:\/\/nueckel.at\/blog\/wp-json\/wp\/v2\/posts\/4782\/revisions"}],"wp:attachment":[{"href":"https:\/\/nueckel.at\/blog\/wp-json\/wp\/v2\/media?parent=4782"}],"wp:term":[{"taxonomy":"category","embeddable":true,"href":"https:\/\/nueckel.at\/blog\/wp-json\/wp\/v2\/categories?post=4782"},{"taxonomy":"post_tag","embeddable":true,"href":"https:\/\/nueckel.at\/blog\/wp-json\/wp\/v2\/tags?post=4782"}],"curies":[{"name":"wp","href":"https:\/\/api.w.org\/{rel}","templated":true}]}}