{"id":4800,"date":"2014-11-14T15:49:59","date_gmt":"2014-11-14T14:49:59","guid":{"rendered":"http:\/\/nueckel.at\/blog\/?p=4800"},"modified":"2014-11-18T16:08:11","modified_gmt":"2014-11-18T15:08:11","slug":"objekt-der-vision","status":"publish","type":"post","link":"https:\/\/nueckel.at\/blog\/objekt-der-vision\/","title":{"rendered":"Objekt der Vision"},"content":{"rendered":"<p>Die Schwedenbomben verlassen Wien. Ein Gewerbeobjekt am Rennweg wird frei. Meine Vision daf\u00fcr: Kooperativen, Werkst\u00e4tten, Reparaturcaf\u00e9, Co-Working-Spaces, Ateliers, Workshopr\u00e4ume, Volxk\u00fcche, Urban Vertical Farming, &#8230;<\/p>\n<figure id=\"attachment_4801\" aria-describedby=\"caption-attachment-4801\" style=\"width: 500px\" class=\"wp-caption alignnone\"><a href=\"http:\/\/nueckel.at\/blog\/wp-content\/uploads\/hausderaoe_luftbild.jpg\"><img decoding=\"async\" loading=\"lazy\" class=\"size-full wp-image-4801\" alt=\"hausderaoe_luftbild\" src=\"http:\/\/nueckel.at\/blog\/wp-content\/uploads\/hausderaoe_luftbild.jpg\" width=\"500\" height=\"361\" srcset=\"https:\/\/nueckel.at\/blog\/wp-content\/uploads\/hausderaoe_luftbild.jpg 500w, https:\/\/nueckel.at\/blog\/wp-content\/uploads\/hausderaoe_luftbild-100x72.jpg 100w\" sizes=\"(max-width: 500px) 100vw, 500px\" \/><\/a><figcaption id=\"caption-attachment-4801\" class=\"wp-caption-text\">Optimale Lage: gemischte Wohnviertel in der N\u00e4he, \u00d6ffi-Anbindung<\/figcaption><\/figure>\n<p><!--more-->So sieht die Seite zum Rennweg aus:<\/p>\n<figure id=\"attachment_4802\" aria-describedby=\"caption-attachment-4802\" style=\"width: 500px\" class=\"wp-caption alignnone\"><a href=\"http:\/\/nueckel.at\/blog\/wp-content\/uploads\/hausderaoe.jpg\"><img decoding=\"async\" loading=\"lazy\" class=\"size-full wp-image-4802\" alt=\"hausderaoe\" src=\"http:\/\/nueckel.at\/blog\/wp-content\/uploads\/hausderaoe.jpg\" width=\"500\" height=\"360\" srcset=\"https:\/\/nueckel.at\/blog\/wp-content\/uploads\/hausderaoe.jpg 500w, https:\/\/nueckel.at\/blog\/wp-content\/uploads\/hausderaoe-100x72.jpg 100w\" sizes=\"(max-width: 500px) 100vw, 500px\" \/><\/a><figcaption id=\"caption-attachment-4802\" class=\"wp-caption-text\">Mein Traum: von bombig zu alternativ!<\/figcaption><\/figure>\n<p>Der Rennweg ist an dieser Stelle breit genug, um den Gehsteig verbreitern, B\u00e4ume anpflanzen und einen Schanigarten anlegen zu k\u00f6nnen.<\/p>\n","protected":false},"excerpt":{"rendered":"<p>Die Schwedenbomben verlassen Wien. Ein Gewerbeobjekt am Rennweg wird frei. Meine Vision daf\u00fcr: Kooperativen, Werkst\u00e4tten, Reparaturcaf\u00e9, Co-Working-Spaces, Ateliers, Workshopr\u00e4ume, Volxk\u00fcche, Urban Vertical Farming, &#8230;<\/p>\n","protected":false},"author":1,"featured_media":0,"comment_status":"open","ping_status":"open","sticky":false,"template":"","format":"standard","meta":{"footnotes":""},"categories":[27],"tags":[26],"_links":{"self":[{"href":"https:\/\/nueckel.at\/blog\/wp-json\/wp\/v2\/posts\/4800"}],"collection":[{"href":"https:\/\/nueckel.at\/blog\/wp-json\/wp\/v2\/posts"}],"about":[{"href":"https:\/\/nueckel.at\/blog\/wp-json\/wp\/v2\/types\/post"}],"author":[{"embeddable":true,"href":"https:\/\/nueckel.at\/blog\/wp-json\/wp\/v2\/users\/1"}],"replies":[{"embeddable":true,"href":"https:\/\/nueckel.at\/blog\/wp-json\/wp\/v2\/comments?post=4800"}],"version-history":[{"count":0,"href":"https:\/\/nueckel.at\/blog\/wp-json\/wp\/v2\/posts\/4800\/revisions"}],"wp:attachment":[{"href":"https:\/\/nueckel.at\/blog\/wp-json\/wp\/v2\/media?parent=4800"}],"wp:term":[{"taxonomy":"category","embeddable":true,"href":"https:\/\/nueckel.at\/blog\/wp-json\/wp\/v2\/categories?post=4800"},{"taxonomy":"post_tag","embeddable":true,"href":"https:\/\/nueckel.at\/blog\/wp-json\/wp\/v2\/tags?post=4800"}],"curies":[{"name":"wp","href":"https:\/\/api.w.org\/{rel}","templated":true}]}}