{"id":4861,"date":"2014-12-04T15:35:21","date_gmt":"2014-12-04T14:35:21","guid":{"rendered":"http:\/\/nueckel.at\/blog\/?p=4861"},"modified":"2015-02-07T16:24:23","modified_gmt":"2015-02-07T15:24:23","slug":"schon-traurig","status":"publish","type":"post","link":"https:\/\/nueckel.at\/blog\/schon-traurig\/","title":{"rendered":"Sch\u00f6n traurig"},"content":{"rendered":"<figure id=\"attachment_4862\" aria-describedby=\"caption-attachment-4862\" style=\"width: 500px\" class=\"wp-caption alignnone\"><a href=\"http:\/\/nueckel.at\/blog\/wp-content\/uploads\/w3neu.jpg\"><img decoding=\"async\" loading=\"lazy\" class=\"size-full wp-image-4862\" src=\"http:\/\/nueckel.at\/blog\/wp-content\/uploads\/w3neu.jpg\" alt=\"w3neu\" width=\"500\" height=\"281\" srcset=\"https:\/\/nueckel.at\/blog\/wp-content\/uploads\/w3neu.jpg 500w, https:\/\/nueckel.at\/blog\/wp-content\/uploads\/w3neu-100x56.jpg 100w\" sizes=\"(max-width: 500px) 100vw, 500px\" \/><\/a><figcaption id=\"caption-attachment-4862\" class=\"wp-caption-text\">Die neugestaltete Fassade des &#8222;W3 Kino- und Erlebniszentrums \u00fcber dem Bahnhof Wien Mitte&#8220;<\/figcaption><\/figure>\n<p><!--more--><\/p>\n<p>Ich betrachte die Metallverzierung in &#8222;edlem Spiderman-Design&#8220; als Ressourcenverschwendung und verpatzte Chance.<br \/>\nEs gibt viel bessere Ideen f\u00fcr eine zukunftsorientierte und innovative Gestaltung einer senkrechten urbanen Fl\u00e4che: Solarpanele, Vertikalbegr\u00fcnung oder vertical farming.<\/p>\n<p><strong>Links:<\/strong><\/p>\n<ul>\n<li><a title=\"http:\/\/milliardenstadt.at\/blog\/portfolio_page\/vertikale-landwirtschaft-vertical-farming\/\" href=\"http:\/\/milliardenstadt.at\/blog\/portfolio_page\/vertikale-landwirtschaft-vertical-farming\/\" target=\"_blank\">Vertikale Landwirtschaft \u2013 Vertical Farming<\/a><\/li>\n<li><a title=\"http:\/\/www.verticalfarm.com\/\" href=\"http:\/\/www.verticalfarm.com\/\" target=\"_blank\">The Vertical Farm<\/a><\/li>\n<li><a title=\"http:\/\/www.arte.tv\/de\/die-vertikale-revolution\/7367512,CmC=7367500.html\" href=\"http:\/\/www.arte.tv\/de\/die-vertikale-revolution\/7367512,CmC=7367500.html\" target=\"_blank\">Die vertikale Revolution<\/a><\/li>\n<\/ul>\n","protected":false},"excerpt":{"rendered":"","protected":false},"author":1,"featured_media":0,"comment_status":"open","ping_status":"open","sticky":false,"template":"","format":"standard","meta":{"footnotes":""},"categories":[59],"tags":[76,151],"_links":{"self":[{"href":"https:\/\/nueckel.at\/blog\/wp-json\/wp\/v2\/posts\/4861"}],"collection":[{"href":"https:\/\/nueckel.at\/blog\/wp-json\/wp\/v2\/posts"}],"about":[{"href":"https:\/\/nueckel.at\/blog\/wp-json\/wp\/v2\/types\/post"}],"author":[{"embeddable":true,"href":"https:\/\/nueckel.at\/blog\/wp-json\/wp\/v2\/users\/1"}],"replies":[{"embeddable":true,"href":"https:\/\/nueckel.at\/blog\/wp-json\/wp\/v2\/comments?post=4861"}],"version-history":[{"count":0,"href":"https:\/\/nueckel.at\/blog\/wp-json\/wp\/v2\/posts\/4861\/revisions"}],"wp:attachment":[{"href":"https:\/\/nueckel.at\/blog\/wp-json\/wp\/v2\/media?parent=4861"}],"wp:term":[{"taxonomy":"category","embeddable":true,"href":"https:\/\/nueckel.at\/blog\/wp-json\/wp\/v2\/categories?post=4861"},{"taxonomy":"post_tag","embeddable":true,"href":"https:\/\/nueckel.at\/blog\/wp-json\/wp\/v2\/tags?post=4861"}],"curies":[{"name":"wp","href":"https:\/\/api.w.org\/{rel}","templated":true}]}}