{"id":5350,"date":"2015-09-27T17:07:03","date_gmt":"2015-09-27T15:07:03","guid":{"rendered":"http:\/\/nueckel.at\/blog\/?p=5350"},"modified":"2015-09-27T17:09:30","modified_gmt":"2015-09-27T15:09:30","slug":"probate-losung","status":"publish","type":"post","link":"https:\/\/nueckel.at\/blog\/probate-losung\/","title":{"rendered":"Probate L\u00f6sung?"},"content":{"rendered":"<p>W\u00e4re es nicht ein verantwortungsbewusster, auch symbolischer Schritt von Parteien, gegebenenfalls durch gemeinsames gro\u00dfes Koalieren die rechte Denke von politischen, sozialen und wirtschaftlichen Entscheidungen fernzuhalten?<br \/>\nF\u00fcr das Wohlergehen der Menschen, die hier in \u00d6sterreich leben, jetzt 2015 und viele gute Jahre danach.<\/p>\n<figure id=\"attachment_5351\" aria-describedby=\"caption-attachment-5351\" style=\"width: 500px\" class=\"wp-caption alignleft\"><img decoding=\"async\" loading=\"lazy\" class=\"size-full wp-image-5351\" src=\"http:\/\/nueckel.at\/blog\/wp-content\/uploads\/thurnher_grillparzer.jpg\" alt=\"thurnher_grillparzer\" width=\"500\" height=\"281\" srcset=\"https:\/\/nueckel.at\/blog\/wp-content\/uploads\/thurnher_grillparzer.jpg 500w, https:\/\/nueckel.at\/blog\/wp-content\/uploads\/thurnher_grillparzer-100x56.jpg 100w\" sizes=\"(max-width: 500px) 100vw, 500px\" \/><figcaption id=\"caption-attachment-5351\" class=\"wp-caption-text\">&#8222;Von der Humanit\u00e4t \u00fcber die Nationalit\u00e4t zur Bestialit\u00e4t.&#8220; Armin Thurnher zitiert Franz Grillparzer im Falter 39\/15<\/figcaption><\/figure>\n","protected":false},"excerpt":{"rendered":"<p>W\u00e4re es nicht ein verantwortungsbewusster, auch symbolischer Schritt von Parteien, gegebenenfalls durch gemeinsames gro\u00dfes Koalieren die rechte Denke von politischen, sozialen und wirtschaftlichen Entscheidungen fernzuhalten? F\u00fcr das Wohlergehen der Menschen, die hier in \u00d6sterreich leben, jetzt 2015 und viele gute Jahre danach.<\/p>\n","protected":false},"author":1,"featured_media":0,"comment_status":"closed","ping_status":"closed","sticky":false,"template":"","format":"standard","meta":{"footnotes":""},"categories":[27],"tags":[110,76,26],"_links":{"self":[{"href":"https:\/\/nueckel.at\/blog\/wp-json\/wp\/v2\/posts\/5350"}],"collection":[{"href":"https:\/\/nueckel.at\/blog\/wp-json\/wp\/v2\/posts"}],"about":[{"href":"https:\/\/nueckel.at\/blog\/wp-json\/wp\/v2\/types\/post"}],"author":[{"embeddable":true,"href":"https:\/\/nueckel.at\/blog\/wp-json\/wp\/v2\/users\/1"}],"replies":[{"embeddable":true,"href":"https:\/\/nueckel.at\/blog\/wp-json\/wp\/v2\/comments?post=5350"}],"version-history":[{"count":0,"href":"https:\/\/nueckel.at\/blog\/wp-json\/wp\/v2\/posts\/5350\/revisions"}],"wp:attachment":[{"href":"https:\/\/nueckel.at\/blog\/wp-json\/wp\/v2\/media?parent=5350"}],"wp:term":[{"taxonomy":"category","embeddable":true,"href":"https:\/\/nueckel.at\/blog\/wp-json\/wp\/v2\/categories?post=5350"},{"taxonomy":"post_tag","embeddable":true,"href":"https:\/\/nueckel.at\/blog\/wp-json\/wp\/v2\/tags?post=5350"}],"curies":[{"name":"wp","href":"https:\/\/api.w.org\/{rel}","templated":true}]}}