{"id":5684,"date":"2018-03-22T11:29:21","date_gmt":"2018-03-22T10:29:21","guid":{"rendered":"http:\/\/nueckel.at\/blog\/?p=5684"},"modified":"2018-03-25T03:56:30","modified_gmt":"2018-03-25T01:56:30","slug":"nein-ich-bin-nicht-mehr-auf-facebook-2","status":"publish","type":"post","link":"https:\/\/nueckel.at\/blog\/nein-ich-bin-nicht-mehr-auf-facebook-2\/","title":{"rendered":"Nein, ich bin nicht mehr auf Facebook"},"content":{"rendered":"<p>Letzte Aktivit\u00e4t im M\u00e4rz 2017, Archiv geholt im November 2017, Konto gel\u00f6scht am 22. M\u00e4rz 2018.<!--more--><\/p>\n<p>Nachdem ich meine <a href=\"http:\/\/nueckel.at\/blog\/nein-ich-bin-nicht-mehr-auf-facebook\/\">Daten heruntergeladen<\/a> hatte, schrieb ich noch die Menschen an, von denen ich nur den Facebook-Kontakt habe und bat sie um ihre Mailadresse.<\/p>\n<p>Heute endlich habe ich auf den L\u00f6sch-Knopf gedr\u00fcckt:<\/p>\n<p><img decoding=\"async\" loading=\"lazy\" class=\"size-full wp-image-5688 aligncenter\" src=\"http:\/\/nueckel.at\/blog\/wp-content\/uploads\/FB_meinKontoloeschen.png\" alt=\"\" width=\"500\" height=\"180\" srcset=\"https:\/\/nueckel.at\/blog\/wp-content\/uploads\/FB_meinKontoloeschen.png 500w, https:\/\/nueckel.at\/blog\/wp-content\/uploads\/FB_meinKontoloeschen-100x36.png 100w\" sizes=\"(max-width: 500px) 100vw, 500px\" \/><\/p>\n<p>Ja, ich bin mir sicher:<\/p>\n<p><img decoding=\"async\" loading=\"lazy\" class=\"size-full wp-image-5689 aligncenter\" src=\"http:\/\/nueckel.at\/blog\/wp-content\/uploads\/FB_Kontodauerhaftloeschen.png\" alt=\"\" width=\"498\" height=\"378\" srcset=\"https:\/\/nueckel.at\/blog\/wp-content\/uploads\/FB_Kontodauerhaftloeschen.png 498w, https:\/\/nueckel.at\/blog\/wp-content\/uploads\/FB_Kontodauerhaftloeschen-100x76.png 100w\" sizes=\"(max-width: 498px) 100vw, 498px\" \/><\/p>\n<p>Ich markiere mir den 5. April im Kalender!<\/p>\n<p><img decoding=\"async\" loading=\"lazy\" class=\"size-full wp-image-5690 aligncenter\" src=\"http:\/\/nueckel.at\/blog\/wp-content\/uploads\/Fb_Kontodauerhauftloeschen2.png\" alt=\"\" width=\"500\" height=\"257\" srcset=\"https:\/\/nueckel.at\/blog\/wp-content\/uploads\/Fb_Kontodauerhauftloeschen2.png 500w, https:\/\/nueckel.at\/blog\/wp-content\/uploads\/Fb_Kontodauerhauftloeschen2-100x51.png 100w\" sizes=\"(max-width: 500px) 100vw, 500px\" \/><\/p>\n<p>Mal sehen, was ich bis dahin noch auf meine Facebook-Mailadresse geschickt bekomme.<\/p>\n<p style=\"text-align: center;\">~~~<\/p>\n<p>Anschlie\u00dfend habe ich auch mein Google+ Konto gel\u00f6scht.<\/p>\n<p style=\"text-align: center;\">~~~<\/p>\n<p>Warum ich Facebook verlassen habe? &#8211; Warum bist du noch dabei?<\/p>\n","protected":false},"excerpt":{"rendered":"<p>Letzte Aktivit\u00e4t im M\u00e4rz 2017, Archiv geholt im November 2017, Konto gel\u00f6scht am 22. M\u00e4rz 2018.<\/p>\n","protected":false},"author":1,"featured_media":0,"comment_status":"closed","ping_status":"closed","sticky":false,"template":"","format":"standard","meta":{"footnotes":""},"categories":[30],"tags":[94],"_links":{"self":[{"href":"https:\/\/nueckel.at\/blog\/wp-json\/wp\/v2\/posts\/5684"}],"collection":[{"href":"https:\/\/nueckel.at\/blog\/wp-json\/wp\/v2\/posts"}],"about":[{"href":"https:\/\/nueckel.at\/blog\/wp-json\/wp\/v2\/types\/post"}],"author":[{"embeddable":true,"href":"https:\/\/nueckel.at\/blog\/wp-json\/wp\/v2\/users\/1"}],"replies":[{"embeddable":true,"href":"https:\/\/nueckel.at\/blog\/wp-json\/wp\/v2\/comments?post=5684"}],"version-history":[{"count":0,"href":"https:\/\/nueckel.at\/blog\/wp-json\/wp\/v2\/posts\/5684\/revisions"}],"wp:attachment":[{"href":"https:\/\/nueckel.at\/blog\/wp-json\/wp\/v2\/media?parent=5684"}],"wp:term":[{"taxonomy":"category","embeddable":true,"href":"https:\/\/nueckel.at\/blog\/wp-json\/wp\/v2\/categories?post=5684"},{"taxonomy":"post_tag","embeddable":true,"href":"https:\/\/nueckel.at\/blog\/wp-json\/wp\/v2\/tags?post=5684"}],"curies":[{"name":"wp","href":"https:\/\/api.w.org\/{rel}","templated":true}]}}